[{"@context":"https:\/\/schema.org\/","@type":"Article","@id":"https:\/\/www.siberon.sk\/navrat-volkswagenu-do-starych-kolaji\/#Article","mainEntityOfPage":"https:\/\/www.siberon.sk\/navrat-volkswagenu-do-starych-kolaji\/","headline":"N\u00e1vrat Volkswagenu do star\u00fdch ko\u013eaj\u00ed","name":"N\u00e1vrat Volkswagenu do star\u00fdch ko\u013eaj\u00ed","description":"Volkswagenu sa podarilo dosiahnu\u0165 svoj ziskov\u00fd cie\u013e takmer o\u00a0tri roky dopredu pred pl\u00e1novan\u00fdm term\u00ednom, \u010do bolo ve\u013emi prekvapiv\u00fdm momentom pre automobilku. Automobilka pl\u00e1novala zv\u00fd\u0161i\u0165 zisk&hellip;","datePublished":"2017-11-30","dateModified":"2017-11-30","author":{"@type":"Person","@id":"https:\/\/www.siberon.sk\/author\/#Person","name":"","url":"https:\/\/www.siberon.sk\/author\/","identifier":1,"image":{"@type":"ImageObject","@id":"https:\/\/secure.gravatar.com\/avatar\/418160ee289a2fec3674f670db35c39ff464fe73fac536520dac7def2cfdeb26?s=96&d=mm&r=g","url":"https:\/\/secure.gravatar.com\/avatar\/418160ee289a2fec3674f670db35c39ff464fe73fac536520dac7def2cfdeb26?s=96&d=mm&r=g","height":96,"width":96}},"publisher":{"@type":"Organization","name":"siberon.sk","logo":{"@type":"ImageObject","@id":"\/logo.png","url":"\/logo.png","width":600,"height":60}},"image":{"@type":"ImageObject","@id":"https:\/\/www.siberon.sk\/wp-content\/uploads\/img_a284722_w16509_t1517416732.jpg","url":"https:\/\/www.siberon.sk\/wp-content\/uploads\/img_a284722_w16509_t1517416732.jpg","height":0,"width":0},"url":"https:\/\/www.siberon.sk\/navrat-volkswagenu-do-starych-kolaji\/","wordCount":354,"articleBody":"Volkswagenu sa podarilo dosiahnu\u0165 svoj ziskov\u00fd cie\u013e takmer o\u00a0tri roky dopredu pred pl\u00e1novan\u00fdm term\u00ednom, \u010do bolo ve\u013emi prekvapiv\u00fdm momentom pre automobilku. Automobilka pl\u00e1novala zv\u00fd\u0161i\u0165 zisk z\u00a0predaja do roku 2020, no podarilo sa im to o\u00a0\u010dosi sk\u00f4r.Spolo\u010dnos\u0165 Volkswagen povedala, \u017ee zna\u010dka jej zna\u010diek (Volkswagen) prekro\u010dila hranicu svojho cie\u013ea u\u017e v\u00a0roku 2017 o\u00a02,5 a\u017e 3,5 percenta. Tento v\u00fdsledok je pozoruhodn\u00fd a\u00a0ve\u013ekolep\u00fd, vzh\u013eadom na obrovsk\u00fd dieslov\u00fd \u0161kand\u00e1l v\u00a0roku 2015.Zna\u010dka Volkswagen, ktor\u00e1 tvor\u00ed pribli\u017ene polovicu predaja zo skupiny Volkswagen Group zaznamenala v\u00a0roku 2017 ve\u013ek\u00fd predaj vozidiel. Gener\u00e1lny riadite\u013e spolo\u010dnosti VW Herbert Diess uviedol, \u017ee je to v\u010faka nov\u00e9mu \u0161tartu predaja vozidiel SUV v\u00a0USA a\u00a0taktie\u017e Latinskej Amerike.\u201cV z\u00e1sade m\u00e1me v\u00a0na\u0161om obratovom programe jeden rok dopredu a\u00a0to n\u00e1m d\u00e1va silu a\u00a0chu\u0165 vyv\u00edja\u0165 nov\u00e9 a\u00a0nov\u00e9 modely \u00e1ut pre bud\u00face gener\u00e1cie,\u201c povedal.Spolo\u010dnos\u0165 VW u\u017e v\u00a0s\u00fa\u010dasnosti pracuje na v\u00fdvoji nieko\u013ek\u00fdch nov\u00fdch elektrick\u00fdch automobilov, ktor\u00e9 by mali uzrie\u0165 svetlo sveta v\u00a0roku 2020. Do stajne volkswagenu pribudn\u00fa v\u00a0roku 2020 dve nov\u00e9 koncepty \u00e1ut na elektrick\u00fd pohon a\u00a0to konkr\u00e9tne SUV pod zna\u010dkou ID Crozz, ktor\u00e9 sp\u00e1ja \u010fal\u0161ie vozidl\u00e1 na novej l\u00ednii ID, vr\u00e1tane ID Buzz, ktor\u00fd bude nov\u00fdm mikrobusom spolo\u010dnosti VW.Gener\u00e1lny riadite\u013e Herbert Diess v\u0161ak vydal ur\u010dit\u00e9 upozornenia tykaj\u00face sa bud\u00facnosti spolo\u010dnosti Volkswagen. Taktie\u017e povedal, \u017ee s\u00fa\u010dasn\u00e1 doba je ve\u013emi priazniv\u00e1 pre vstup ve\u013ek\u00fdch spolo\u010dnost\u00ed do automobilov\u00e9ho sektora. Vid\u00edme to najm\u00e4 v\u00a0mnoh\u00fdch nov\u00fdch invest\u00edci\u00e1ch z\u00a0\u010c\u00edny a\u00a0tie\u017e z\u00e1padn\u00e9ho pobre\u017eia spojen\u00fdch \u0161t\u00e1tov.Spolo\u010dnos\u0165 Volkswagen sa sna\u017e\u00ed n\u00e1js\u0165 a\u00a0vyv\u00edja\u0165 nov\u00e9 inov\u00e1cie vo v\u00fdrobe tak, aby sa emisn\u00fd \u0161kand\u00e1l z\u00a0roku 2015 neopakoval a\u00a0spolo\u010dnos\u0165 bola aj na\u010falej prosperuj\u00facou a\u00a0ob\u013e\u00fabenou u\u00a0mnoh\u00fdch vodi\u010dov tak ako to bolo doteraz.                                                                                                                                                                                                                                                                                                                                                                                        4.2\/5 - (11 votes)        "},{"@context":"https:\/\/schema.org\/","@type":"BreadcrumbList","itemListElement":[{"@type":"ListItem","position":1,"name":"N\u00e1vrat Volkswagenu do star\u00fdch ko\u013eaj\u00ed","item":"https:\/\/www.siberon.sk\/navrat-volkswagenu-do-starych-kolaji\/#breadcrumbitem"}]}]