[{"@context":"https:\/\/schema.org\/","@type":"Article","@id":"https:\/\/www.siberon.sk\/kelti-dnes-kelti-na-pokoraji\/#Article","mainEntityOfPage":"https:\/\/www.siberon.sk\/kelti-dnes-kelti-na-pokoraji\/","headline":"Kelti dnes \u2013 Kelti na pokoraji","name":"Kelti dnes \u2013 Kelti na pokoraji","description":"Dnes je \u0165a\u017ek\u00e9 n\u00e1js\u0165 v\u00a0Eur\u00f3pe potomka Keltov \u2013 potomka, ktor\u00fd by vedel o\u00a0tom, \u017ee je potomok Keltov. M\u00f4\u017ee za to jeden nesporn\u00fd fakt: na\u0161i predkovia&hellip;","datePublished":"2017-10-15","dateModified":"2024-04-25","author":{"@type":"Person","@id":"https:\/\/www.siberon.sk\/author\/#Person","name":"","url":"https:\/\/www.siberon.sk\/author\/","identifier":1,"image":{"@type":"ImageObject","@id":"https:\/\/secure.gravatar.com\/avatar\/418160ee289a2fec3674f670db35c39ff464fe73fac536520dac7def2cfdeb26?s=96&d=mm&r=g","url":"https:\/\/secure.gravatar.com\/avatar\/418160ee289a2fec3674f670db35c39ff464fe73fac536520dac7def2cfdeb26?s=96&d=mm&r=g","height":96,"width":96}},"publisher":{"@type":"Organization","name":"siberon.sk","logo":{"@type":"ImageObject","@id":"\/logo.png","url":"\/logo.png","width":600,"height":60}},"image":{"@type":"ImageObject","@id":"https:\/\/www.siberon.sk\/wp-content\/uploads\/img_a283798_w2007_t1513354701.jpg","url":"https:\/\/www.siberon.sk\/wp-content\/uploads\/img_a283798_w2007_t1513354701.jpg","height":0,"width":0},"url":"https:\/\/www.siberon.sk\/kelti-dnes-kelti-na-pokoraji\/","wordCount":355,"articleBody":"Dnes je \u0165a\u017ek\u00e9 n\u00e1js\u0165 v\u00a0Eur\u00f3pe potomka Keltov \u2013 potomka, ktor\u00fd by vedel o\u00a0tom, \u017ee je potomok Keltov. M\u00f4\u017ee za to jeden nesporn\u00fd fakt: na\u0161i predkovia boli \u0161ikovnej\u0161\u00ed a\u00a0silnej\u0161\u00ed ako predkovia Keltov, ke\u010f\u017ee t\u00ed na\u0161i ich z\u00a0Eur\u00f3py vytla\u010dili, aby tak spravili priestor pre svoj n\u00e1rod. Ak chcete stretn\u00fa\u0165 Kelta a\u00a0zapo\u010d\u00fava\u0165 sa do jeho zlo\u017eit\u00e9ho jazyka, mus\u00edte si spravi\u0165 v\u00fdlet do Franc\u00fazska, \u00cdrska, \u010di Ve\u013ekej Brit\u00e1nie.\u00a0\u00a0\u00a0\u00a0\u00a0\u00a0\u00a0\u00a0\u00a0\u00a0\u00a0 V\u00a0s\u00fa\u010dasnosti sa viac ako 2 a\u00a0pol mili\u00f3na \u013eud\u00ed ktor\u00ed o\u00a0sebe prehlasuj\u00fa, \u017ee s\u00fa potomkovia nejak\u00e9ho z\u00a0keltsk\u00fdch kme\u0148ov a\u00a0ktor\u00ed hovoria jedn\u00fdm z\u00a0n\u00e1re\u010d\u00ed keltsk\u00e9ho jazyka \u2013 na v\u00e4\u010d\u0161ine \u00fazemia Walesu, takmer na polovici \u00fazemia Bret\u00f3nskeho polostrova v severnom Franc\u00fazsku, v\u00a0nieko\u013ek\u00fdch severn\u00fdch oblastiach \u0160k\u00f3tska a\u00a0na v\u00fdchodnom pobre\u017e\u00ed \u00cdrska. Novodob\u00ed ,,Kelti\u201c s\u00fa hrd\u00ed na svoj jazyk, av\u0161ak ich v\u00fdchova jazyk utl\u00e1\u010da \u2013 s\u00fa toti\u017e vychov\u00e1van\u00ed tak, \u017ee nie je zdvoril\u00e9 hovori\u0165 po keltsky pre nekeltami \u2013 pred t\u00fdmi treba pou\u017e\u00edva\u0165 v\u00e4\u010d\u0161inov\u00fd jazyk. Keltsk\u00e9 n\u00e1re\u010dia s\u00fa ve\u013emi rytmick\u00e9 a\u00a0zvyku vych\u00e1dzaj\u00fa akoby hlboko z\u00a0hrdla \u2013 ide je ohromn\u00e9 zvu\u010dn\u00e9 ladenie hrdlom, \u010faleko vzdialen\u00e9 modernej angli\u010dtine, ktorej zvuky akoby prech\u00e1dzali \u00fastami, v\u00a0ktor\u00fdch sa nach\u00e1dza hor\u00faci zemiak.\u201cHallo, a Thormoid. Ciamar a tha do mh\u00e0thair?\u201d \u2026 znamen\u00e1 \u201cAhoj, Normen, ako sa m\u00e1 tvoja mama?\u201d\u00a0\u00a0\u00a0\u00a0\u00a0\u00a0\u00a0\u00a0\u00a0\u00a0\u00a0 V\u0161etko spojen\u00e9 s\u00a0keltskou kult\u00farou ide ako na dra\u010dku \u2013 koncerty, n\u00e1v\u0161tevy kultov\u00fdch miest, svadby v\u00a0keltskom \u0161t\u00fdle&#8230; Ale n\u00e1vrat keltskej kult\u00fary niektor\u00ed podnikatelia zneu\u017e\u00edvaj\u00fa pre svoj zisk: napr\u00edklad vo wel\u0161skom meste Machynlett bol prev\u00e1dzkovan\u00fd Amusement Park Celtica, av\u0161ak po desiatich rokoch zneuctievania keltskej kult\u00fary bol zatvoren\u00fd.\u00a0\u00a0\u00a0\u00a0\u00a0\u00a0\u00a0\u00a0\u00a0\u00a0\u00a0 V\u00a0\u010dasoch keltskej sl\u00e1vy mala ka\u017ed\u00e1 obchodn\u00e1 v\u00fdprava zast\u00e1vku na keltskom pobre\u017e\u00ed ,,\u00edrskeho\u201c ostrova. Z\u00a0neho tie\u017e v\u00a0roku 1607 vypl\u00e1vali zvy\u0161ky keltskej \u0161\u013eachty, ktor\u00e1 musela utiec\u0165 pred nezadr\u017eite\u013ene postupuj\u00facou anglickou arm\u00e1dou&#8230;                                                                                                                                                                                                                                                                                                                                                                                        3.9\/5 - (9 votes)        "},{"@context":"https:\/\/schema.org\/","@type":"BreadcrumbList","itemListElement":[{"@type":"ListItem","position":1,"name":"Kelti dnes \u2013 Kelti na pokoraji","item":"https:\/\/www.siberon.sk\/kelti-dnes-kelti-na-pokoraji\/#breadcrumbitem"}]}]