[{"@context":"https:\/\/schema.org\/","@type":"Article","@id":"https:\/\/www.siberon.sk\/alzheimerova-choroba-choroba-ktora-vam-vezme-dusu\/#Article","mainEntityOfPage":"https:\/\/www.siberon.sk\/alzheimerova-choroba-choroba-ktora-vam-vezme-dusu\/","headline":"Alzheimerova choroba \u2013 choroba, ktor\u00e1 v\u00e1m vezme du\u0161u","name":"Alzheimerova choroba \u2013 choroba, ktor\u00e1 v\u00e1m vezme du\u0161u","description":"Po\u010diatky Alzheimerovej choroby ani nezbad\u00e1te. Ko\u013ek\u00fdm z v\u00e1s sa u\u017e stalo, \u017ee ste zabudli kde ste si odlo\u017eili pero, a ko\u013ek\u00ed z v\u00e1s ho na\u0161li&hellip;","datePublished":"2018-07-17","dateModified":"2018-07-17","author":{"@type":"Person","@id":"https:\/\/www.siberon.sk\/author\/#Person","name":"","url":"https:\/\/www.siberon.sk\/author\/","identifier":1,"image":{"@type":"ImageObject","@id":"https:\/\/secure.gravatar.com\/avatar\/418160ee289a2fec3674f670db35c39ff464fe73fac536520dac7def2cfdeb26?s=96&d=mm&r=g","url":"https:\/\/secure.gravatar.com\/avatar\/418160ee289a2fec3674f670db35c39ff464fe73fac536520dac7def2cfdeb26?s=96&d=mm&r=g","height":96,"width":96}},"publisher":{"@type":"Organization","name":"siberon.sk","logo":{"@type":"ImageObject","@id":"\/logo.png","url":"\/logo.png","width":600,"height":60}},"image":{"@type":"ImageObject","@id":"https:\/\/www.siberon.sk\/wp-content\/uploads\/img_a289395_w2015_t1531230543.jpg","url":"https:\/\/www.siberon.sk\/wp-content\/uploads\/img_a289395_w2015_t1531230543.jpg","height":0,"width":0},"url":"https:\/\/www.siberon.sk\/alzheimerova-choroba-choroba-ktora-vam-vezme-dusu\/","wordCount":384,"articleBody":" Po\u010diatky Alzheimerovej choroby ani nezbad\u00e1te. Ko\u013ek\u00fdm z v\u00e1s sa u\u017e stalo, \u017ee ste zabudli kde ste si odlo\u017eili pero, a ko\u013ek\u00ed z v\u00e1s ho na\u0161li na mieste, kde by ho nikdy nikto neh\u013eadal? Ko\u013ekokr\u00e1t ste sa pristihli pri tom, \u017ee ani neviete ktor\u00fd de\u0148 v t\u00fd\u017edni pr\u00e1ve je a ko\u013ek\u00ed z v\u00e1s trpia ob\u010dasnou z\u00e1budlivos\u0165ou?&#8230;presne toto m\u00f4\u017eu by\u0165 aj pr\u00edznaky za\u010d\u00ednaj\u00facej Alzheimerovej choroby.Po\u0161kodenie mozgu. Za prepuknut\u00edm tejto choroby je neurodegenerat\u00edvne po\u0161kodenie mozgu \u2013 rozklad nervov\u00fdch buniek a vl\u00e1kien. Prenos inform\u00e1ci\u00ed z jednej bunky na druh\u00fa sa tak zna\u010dne zhor\u0161uje a doch\u00e1dza k zab\u00fadaniu a dezorient\u00e1cii v \u010dase aj priestore.Sympt\u00f3my Alzheimerovej choroby. K\u00fdm si okolie v\u00f4bec v\u0161imne, \u017ee sa s pacientom nie\u010do deje m\u00f4\u017eu ubehn\u00fa\u0165 roky. Za\u010diatky s\u00fa nen\u00e1padn\u00e9 \u2013 zab\u00fadanie spr\u00e1vnych slov, zab\u00fadanie nov\u00fdch mien, men\u0161ie probl\u00e9my s organizovan\u00edm,&#8230; aj ke\u010f si okolie tieto probl\u00e9my v\u0161imne \u010dasto kr\u00e1t sa prisudzuj\u00fa prirodzen\u00e9mu starnutiu. Pri \u010fal\u0161ej f\u00e1ze choroby m\u00e1 pacient probl\u00e9m spomen\u00fa\u0165 si kde b\u00fdva, kde vyrastal, ak\u00fa \u0161kolu nav\u0161tevoval. Dostavuj\u00fa sa probl\u00e9my s po\u010d\u00edtan\u00edm, platen\u00edm \u00fa\u010dtov a hospod\u00e1ren\u00ed s financiami. Tieto zmeny si u\u017e okolie v\u0161\u00edma. Pr\u00e1ve v tomto \u0161t\u00e1diu sa uva\u017euje o ochoren\u00ed \u2013 pacientove probl\u00e9my sa u\u017e neprisudzuj\u00fa starobe. Posledn\u00e1 a naj\u0165a\u017e\u0161ia f\u00e1za Alzheimerovej choroby si vy\u017eaduje celodenn\u00fa starostlivos\u0165 o pacienta. Ten nekomunikuje s okol\u00edm, nespozn\u00e1va rodinu a pr\u00edbuzn\u00fdch, nedok\u00e1\u017ee sa najes\u0165 ani napi\u0165 a nedodr\u017eiava ani osobn\u00fa hygienu.Lie\u010dba ochorenia. Na Alzheimerovu chorobu nie s\u00fa lieky. Lie\u010dbou sa len zmier\u0148uj\u00fa jej prejavy. Pacientovi sa pod\u00e1vaj\u00fa lieky, ktor\u00e9 zlep\u0161uj\u00fa prenos inform\u00e1ci\u00ed medzi bunkami. Najvhodnej\u0161\u00edm sp\u00f4sobom ako \u010do najviac oddiali\u0165 rozvinutie ochorenia je tr\u00e9ning mozgu a pam\u00e4te. U\u017e pri prv\u00fdch pr\u00edznakoch je najlep\u0161ie za\u010da\u0165 l\u00fa\u0161ti\u0165 kr\u00ed\u017eovky, n\u00fati\u0165 pacienta spom\u00edna\u0165 na minulos\u0165,&#8230; Vhodn\u00e1 je tie\u017e muzikoterapia, alebo arteterapia \u2013 obe tieto terapia zlep\u0161uj\u00fa pacientom n\u00e1ladu.                                                                                                                                                                                                                                                                                                                                                                                        4.1\/5 - (7 votes)        "},{"@context":"https:\/\/schema.org\/","@type":"BreadcrumbList","itemListElement":[{"@type":"ListItem","position":1,"name":"Alzheimerova choroba \u2013 choroba, ktor\u00e1 v\u00e1m vezme du\u0161u","item":"https:\/\/www.siberon.sk\/alzheimerova-choroba-choroba-ktora-vam-vezme-dusu\/#breadcrumbitem"}]}]